{"id":1614,"date":"2026-04-28T17:36:53","date_gmt":"2026-04-28T22:36:53","guid":{"rendered":"https:\/\/sernoticiasquintanaroo.com.mx\/?p=1614"},"modified":"2026-04-28T17:36:54","modified_gmt":"2026-04-28T22:36:54","slug":"maria-adela-morales-joven-reportada-como-desaparecida-y-que-esta-en-un-psiquiatrico-en-cd-de-mexico-no-quiere-ver-a-sus-familiares-senalan-autoridades","status":"publish","type":"post","link":"https:\/\/sernoticiasquintanaroo.com.mx\/?p=1614","title":{"rendered":"MAR\u00cdA ADELA MORALES, JOVEN REPORTADA COMO DESAPARECIDA Y QUE EST\u00c1 EN UN PSIQUI\u00c1TRICO EN CD DE M\u00c9XICO NO QUIERE VER A SUS FAMILIARES , SE\u00d1ALAN AUTORIDADES"},"content":{"rendered":"\n<p>POR MARTHA TORRERO ORTEGA<\/p>\n\n\n\n<p><\/p>\n\n\n\n<p>Chetumal.- Mar\u00eda Adela Morales Correa , joven chetumale\u00f1a que \u201c apareci\u00f3\u201d hace unos d\u00edas en un hospital psiqui\u00e1trico de la Ciudad de M\u00e9xico al que ingres\u00f3 por si voluntad, sostuvo la Secretaria de Gobierno, Cristina Torres<\/p>\n\n\n\n<p>En conferencia de prensa y aunque no abund\u00f3 al respecto, precis\u00f3 que hasta el momento la familia de la joven no ha interpuesto la denuncia correspondiente<\/p>\n\n\n\n<p>Sin embargo destac\u00f3 que le han dado el acompa\u00f1amiento a trav\u00e9s de la secretar\u00eda Ser Mujeres<\/p>\n\n\n\n<p>\u201c Ella no quiere ver a su familia y est\u00e1 bien\u201d insisti\u00f3<\/p>\n\n\n\n<p>Se\u00f1al\u00f3 que se tiene la prueba de vida y que ella ingres\u00f3 al hospital psiqui\u00e1trico por su voluntad.<\/p>\n\n\n\n<p>Expuso que en todo caso pedir\u00edan una segunda opini\u00f3n para conocer el estado de la joven egresada del Instituto Tecnol\u00f3gico de Chetumal<\/p>\n\n\n\n<p>La joven viaj\u00f3 hace unos d\u00edas a la Ciudad de M\u00e9xico por una oferta de trabajo<\/p>\n\n\n\n<p>Lo que gener\u00f3 alarma entre sus familiares es que no pod\u00edan estae en contracto con ella por lo que reportaron su desaparici\u00f3n<\/p>\n\n\n\n<figure class=\"wp-block-image\"><img decoding=\"async\" src=\"https:\/\/sernoticiasquintanaroo.com.mx\/wp-content\/uploads\/2026\/04\/PHOTO-2026-04-27-13-47-19-150x150.jpg\" alt=\"La imagen actual no tiene texto alternativo. El nombre del archivo es: PHOTO-2026-04-27-13-47-19.jpg\"\/><\/figure>\n\n\n\n<p>Sin embargo se dio a conocer que estaba en un Hospital Psiqui\u00e1trico de la Ciudad de M\u00e9xico, lo que aseguran sus familiares fue en contra de su voluntad ya que ella nunca ingresar\u00eda por cuenta propia<\/p>\n","protected":false},"excerpt":{"rendered":"<p>POR MARTHA TORRERO ORTEGA Chetumal.- Mar\u00eda Adela Morales Correa , joven chetumale\u00f1a que \u201c apareci\u00f3\u201d hace unos d\u00edas en un hospital psiqui\u00e1trico de la Ciudad de M\u00e9xico al que ingres\u00f3 por si voluntad, sostuvo la Secretaria de Gobierno, Cristina Torres En conferencia de prensa y aunque no abund\u00f3 al respecto, precis\u00f3 que hasta el momento &#8230; <a title=\"MAR\u00cdA ADELA MORALES, JOVEN REPORTADA COMO DESAPARECIDA Y QUE EST\u00c1 EN UN PSIQUI\u00c1TRICO EN CD DE M\u00c9XICO NO QUIERE VER A SUS FAMILIARES , SE\u00d1ALAN AUTORIDADES\" class=\"read-more\" href=\"https:\/\/sernoticiasquintanaroo.com.mx\/?p=1614\" aria-label=\"Leer m\u00e1s sobre MAR\u00cdA ADELA MORALES, JOVEN REPORTADA COMO DESAPARECIDA Y QUE EST\u00c1 EN UN PSIQUI\u00c1TRICO EN CD DE M\u00c9XICO NO QUIERE VER A SUS FAMILIARES , SE\u00d1ALAN AUTORIDADES\">Leer m\u00e1s<\/a><\/p>\n","protected":false},"author":1,"featured_media":1615,"comment_status":"open","ping_status":"open","sticky":false,"template":"","format":"standard","meta":{"footnotes":""},"categories":[4],"tags":[],"class_list":["post-1614","post","type-post","status-publish","format-standard","has-post-thumbnail","hentry","category-ultimas-noticias"],"_links":{"self":[{"href":"https:\/\/sernoticiasquintanaroo.com.mx\/index.php?rest_route=\/wp\/v2\/posts\/1614","targetHints":{"allow":["GET"]}}],"collection":[{"href":"https:\/\/sernoticiasquintanaroo.com.mx\/index.php?rest_route=\/wp\/v2\/posts"}],"about":[{"href":"https:\/\/sernoticiasquintanaroo.com.mx\/index.php?rest_route=\/wp\/v2\/types\/post"}],"author":[{"embeddable":true,"href":"https:\/\/sernoticiasquintanaroo.com.mx\/index.php?rest_route=\/wp\/v2\/users\/1"}],"replies":[{"embeddable":true,"href":"https:\/\/sernoticiasquintanaroo.com.mx\/index.php?rest_route=%2Fwp%2Fv2%2Fcomments&post=1614"}],"version-history":[{"count":1,"href":"https:\/\/sernoticiasquintanaroo.com.mx\/index.php?rest_route=\/wp\/v2\/posts\/1614\/revisions"}],"predecessor-version":[{"id":1616,"href":"https:\/\/sernoticiasquintanaroo.com.mx\/index.php?rest_route=\/wp\/v2\/posts\/1614\/revisions\/1616"}],"wp:featuredmedia":[{"embeddable":true,"href":"https:\/\/sernoticiasquintanaroo.com.mx\/index.php?rest_route=\/wp\/v2\/media\/1615"}],"wp:attachment":[{"href":"https:\/\/sernoticiasquintanaroo.com.mx\/index.php?rest_route=%2Fwp%2Fv2%2Fmedia&parent=1614"}],"wp:term":[{"taxonomy":"category","embeddable":true,"href":"https:\/\/sernoticiasquintanaroo.com.mx\/index.php?rest_route=%2Fwp%2Fv2%2Fcategories&post=1614"},{"taxonomy":"post_tag","embeddable":true,"href":"https:\/\/sernoticiasquintanaroo.com.mx\/index.php?rest_route=%2Fwp%2Fv2%2Ftags&post=1614"}],"curies":[{"name":"wp","href":"https:\/\/api.w.org\/{rel}","templated":true}]}}