{"id":1621,"date":"2026-04-28T17:37:28","date_gmt":"2026-04-28T22:37:28","guid":{"rendered":"https:\/\/sernoticiasquintanaroo.com.mx\/?p=1621"},"modified":"2026-04-28T17:37:28","modified_gmt":"2026-04-28T22:37:28","slug":"no-desfilaran-organizaciones-obreras-este-viernes-por-el-dia-del-trabajo","status":"publish","type":"post","link":"https:\/\/sernoticiasquintanaroo.com.mx\/?p=1621","title":{"rendered":"NO DESFILAR\u00c1N ORGANIZACIONES OBRERAS ESTE VIERNES POR EL D\u00cdA DEL TRABAJO"},"content":{"rendered":"\n<p>POR MARTHA TORRERO ORTEGA<\/p>\n\n\n\n<p><\/p>\n\n\n\n<p>Chetumal.- Desapercibido pasar\u00e1 este viernes, 1 de mayo D\u00eda del Trabajo,<br>en la capital del Estado; no hay desfiles oficiales y las \u00fanicas manifestaciones que se esperan son las de los integrantes de los Sindicatos del Nacional Monte de Piedad y de Tel\u00e9fonos de M\u00e9xico<\/p>\n\n\n\n<p>En la entrevista, el dirigente de la CTM en Othon P Blanco, Leopoldo Sosa, lament\u00f3 que se haya perdido la oportunidad de que los trabajadores se manifiesten de forma pac\u00edfica y ordenada,<\/p>\n\n\n\n<p>Incluso mencion\u00f3 que tampoco habr\u00e1 el desayuno, que en su momento sustituy\u00f3 al tradicional, desfile<\/p>\n\n\n\n<p>Lamentablemente no hay ninguna convocatoria para que se lleve a cabo ese evento que constituye una forma en la que la clase trabajadora se puede expresar libremente de manera ordenada y sobretodo respetuosa de los principales problemas que enfrenta, a\u00f1adi\u00f3<\/p>\n\n\n\n<p>En ese sentido, indic\u00f3 que tampoco habr\u00e1 ning\u00fan desayuno con las autoridades<\/p>\n\n\n\n<p>Coment\u00f3 que hasta donde tiene conocimiento los \u00fanicos sindicatos que s\u00ed, realizar\u00e1n actividades, ese d\u00eda son los del Nacional Monte de Piedad y fe Telefonos de M\u00e9xico<\/p>\n\n\n\n<p>Expuso que una de las principales preocupaciones de la clase obrera es la inflaci\u00f3n galopante que ha generado la p\u00e9rdida del poder adquisitivo, como nunca antes, se hab\u00eda visto en M\u00e9xico<\/p>\n\n\n\n<div class=\"wp-block-group is-nowrap is-layout-flex wp-container-core-group-is-layout-ad2f72ca wp-block-group-is-layout-flex\">\n<p>En la capital expuso, necesitamos que haya empleos bien remunerados, porque la situaci\u00f3n realmente est\u00e1 cr\u00edtica, no hay liquidez econ\u00f3mica y eso lo vemos con el cierre de los negocios, indic\u00f3 del nacional monte de Piedad y de tel\u00e9fonos de M\u00e9xico<\/p>\n\n\n\n<figure class=\"wp-block-image\"><img decoding=\"async\" src=\"https:\/\/sernoticiasquintanaroo.com.mx\/wp-content\/uploads\/2026\/04\/PHOTO-2026-04-28-14-58-41-150x150.jpg\" alt=\"La imagen actual no tiene texto alternativo. El nombre del archivo es: PHOTO-2026-04-28-14-58-41.jpg\"\/><\/figure>\n<\/div>\n\n\n\n<p>Se\u00f1al\u00f3 qu\u00e9 tiene que haber mayores oportunidades, de lo contrario, ser\u00e1 uno de los a\u00f1os m\u00e1s complicados<\/p>\n","protected":false},"excerpt":{"rendered":"<p>POR MARTHA TORRERO ORTEGA Chetumal.- Desapercibido pasar\u00e1 este viernes, 1 de mayo D\u00eda del Trabajo,en la capital del Estado; no hay desfiles oficiales y las \u00fanicas manifestaciones que se esperan son las de los integrantes de los Sindicatos del Nacional Monte de Piedad y de Tel\u00e9fonos de M\u00e9xico En la entrevista, el dirigente de la &#8230; <a title=\"NO DESFILAR\u00c1N ORGANIZACIONES OBRERAS ESTE VIERNES POR EL D\u00cdA DEL TRABAJO\" class=\"read-more\" href=\"https:\/\/sernoticiasquintanaroo.com.mx\/?p=1621\" aria-label=\"Leer m\u00e1s sobre NO DESFILAR\u00c1N ORGANIZACIONES OBRERAS ESTE VIERNES POR EL D\u00cdA DEL TRABAJO\">Leer m\u00e1s<\/a><\/p>\n","protected":false},"author":1,"featured_media":1622,"comment_status":"open","ping_status":"open","sticky":false,"template":"","format":"standard","meta":{"footnotes":""},"categories":[4],"tags":[],"class_list":["post-1621","post","type-post","status-publish","format-standard","has-post-thumbnail","hentry","category-ultimas-noticias"],"_links":{"self":[{"href":"https:\/\/sernoticiasquintanaroo.com.mx\/index.php?rest_route=\/wp\/v2\/posts\/1621","targetHints":{"allow":["GET"]}}],"collection":[{"href":"https:\/\/sernoticiasquintanaroo.com.mx\/index.php?rest_route=\/wp\/v2\/posts"}],"about":[{"href":"https:\/\/sernoticiasquintanaroo.com.mx\/index.php?rest_route=\/wp\/v2\/types\/post"}],"author":[{"embeddable":true,"href":"https:\/\/sernoticiasquintanaroo.com.mx\/index.php?rest_route=\/wp\/v2\/users\/1"}],"replies":[{"embeddable":true,"href":"https:\/\/sernoticiasquintanaroo.com.mx\/index.php?rest_route=%2Fwp%2Fv2%2Fcomments&post=1621"}],"version-history":[{"count":1,"href":"https:\/\/sernoticiasquintanaroo.com.mx\/index.php?rest_route=\/wp\/v2\/posts\/1621\/revisions"}],"predecessor-version":[{"id":1623,"href":"https:\/\/sernoticiasquintanaroo.com.mx\/index.php?rest_route=\/wp\/v2\/posts\/1621\/revisions\/1623"}],"wp:featuredmedia":[{"embeddable":true,"href":"https:\/\/sernoticiasquintanaroo.com.mx\/index.php?rest_route=\/wp\/v2\/media\/1622"}],"wp:attachment":[{"href":"https:\/\/sernoticiasquintanaroo.com.mx\/index.php?rest_route=%2Fwp%2Fv2%2Fmedia&parent=1621"}],"wp:term":[{"taxonomy":"category","embeddable":true,"href":"https:\/\/sernoticiasquintanaroo.com.mx\/index.php?rest_route=%2Fwp%2Fv2%2Fcategories&post=1621"},{"taxonomy":"post_tag","embeddable":true,"href":"https:\/\/sernoticiasquintanaroo.com.mx\/index.php?rest_route=%2Fwp%2Fv2%2Ftags&post=1621"}],"curies":[{"name":"wp","href":"https:\/\/api.w.org\/{rel}","templated":true}]}}